{"id":484,"date":"2018-09-04T20:38:04","date_gmt":"2018-09-04T18:38:04","guid":{"rendered":"http:\/\/www.kkkvarteks.hr\/kkkv\/?p=484"},"modified":"2018-09-04T20:38:04","modified_gmt":"2018-09-04T18:38:04","slug":"14-varazdinski-maraton","status":"publish","type":"post","link":"https:\/\/www.kkkvarteks.hr\/kkkv\/2018\/09\/04\/14-varazdinski-maraton\/","title":{"rendered":"14. VARA\u017dDINSKI  MARATON"},"content":{"rendered":"<p>Po\u0161tovani prijatelji kajaka i kanua na divljim vodama, ovim Vas putem obavje\u0161tavamo da je 14. Vara\u017edinski maraton pomaknut za tjedan dana unaprijed, pa \u010de se maraton odr\u017eati 22. rujna 2018.godine. U\u00a0 prilogu\u00a0 raspis za maraton.<\/p>\n<p>Sportski pozdrav i nadam se da se vidimo u \u010dim ve\u010dem broju.<\/p>\n<p><a href=\"http:\/\/www.kkkvarteks.hr\/kkkv\/wp-content\/uploads\/2018\/09\/Raspis-14.-Vara\u017edinski-maraton-2018.doc\">http:\/\/www.kkkvarteks.hr\/kkkv\/wp-content\/uploads\/2018\/09\/Raspis-14.-Vara\u017edinski-maraton-2018.doc<\/a><\/p>\n<p>&nbsp;<\/p>\n","protected":false},"excerpt":{"rendered":"<p>Po\u0161tovani prijatelji kajaka i kanua na divljim vodama, ovim Vas putem obavje\u0161tavamo da je 14. Vara\u017edinski maraton pomaknut za tjedan dana unaprijed, pa \u010de se maraton odr\u017eati 22. rujna 2018.godine. U\u00a0 prilogu\u00a0 raspis za maraton. Sportski pozdrav i nadam se da se vidimo u \u010dim ve\u010dem broju. http:\/\/www.kkkvarteks.hr\/kkkv\/wp-content\/uploads\/2018\/09\/Raspis-14.-Vara\u017edinski-maraton-2018.doc &nbsp;<\/p>\n","protected":false},"author":2,"featured_media":0,"comment_status":"open","ping_status":"open","sticky":false,"template":"","format":"aside","meta":[],"categories":[1],"tags":[],"_links":{"self":[{"href":"https:\/\/www.kkkvarteks.hr\/kkkv\/wp-json\/wp\/v2\/posts\/484"}],"collection":[{"href":"https:\/\/www.kkkvarteks.hr\/kkkv\/wp-json\/wp\/v2\/posts"}],"about":[{"href":"https:\/\/www.kkkvarteks.hr\/kkkv\/wp-json\/wp\/v2\/types\/post"}],"author":[{"embeddable":true,"href":"https:\/\/www.kkkvarteks.hr\/kkkv\/wp-json\/wp\/v2\/users\/2"}],"replies":[{"embeddable":true,"href":"https:\/\/www.kkkvarteks.hr\/kkkv\/wp-json\/wp\/v2\/comments?post=484"}],"version-history":[{"count":2,"href":"https:\/\/www.kkkvarteks.hr\/kkkv\/wp-json\/wp\/v2\/posts\/484\/revisions"}],"predecessor-version":[{"id":487,"href":"https:\/\/www.kkkvarteks.hr\/kkkv\/wp-json\/wp\/v2\/posts\/484\/revisions\/487"}],"wp:attachment":[{"href":"https:\/\/www.kkkvarteks.hr\/kkkv\/wp-json\/wp\/v2\/media?parent=484"}],"wp:term":[{"taxonomy":"category","embeddable":true,"href":"https:\/\/www.kkkvarteks.hr\/kkkv\/wp-json\/wp\/v2\/categories?post=484"},{"taxonomy":"post_tag","embeddable":true,"href":"https:\/\/www.kkkvarteks.hr\/kkkv\/wp-json\/wp\/v2\/tags?post=484"}],"curies":[{"name":"wp","href":"https:\/\/api.w.org\/{rel}","templated":true}]}}